{"id":5921,"date":"2024-05-22T17:57:57","date_gmt":"2024-05-22T17:57:57","guid":{"rendered":"https:\/\/www.beysukentkoleji.k12.tr\/?p=5921"},"modified":"2024-05-22T18:03:25","modified_gmt":"2024-05-22T18:03:25","slug":"2023-2024-egitim-ogretim-donemi-12-siniflar-mezuniyet-torenini-anakampta-gerceklestirdik","status":"publish","type":"post","link":"http:\/\/www.beysukentkoleji.k12.tr\/en\/2023-2024-egitim-ogretim-donemi-12-siniflar-mezuniyet-torenini-anakampta-gerceklestirdik\/","title":{"rendered":"We held the 12th grade graduation ceremony for the 2023-2024 academic year in Anakamp."},"content":{"rendered":"<div data-elementor-type=\"wp-post\" data-elementor-id=\"5921\" class=\"elementor elementor-5921\" data-elementor-post-type=\"post\">\n\t\t\t\t<div class=\"elementor-element elementor-element-70e641b e-flex e-con-boxed e-con e-parent\" data-id=\"70e641b\" data-element_type=\"container\">\n\t\t\t\t\t<div class=\"e-con-inner\">\n\t\t<div class=\"elementor-element elementor-element-50bdbe4 e-con-full e-flex e-con e-child\" data-id=\"50bdbe4\" data-element_type=\"container\">\n\t\t\t\t<div class=\"elementor-element elementor-element-a4da6e8 elementor-widget elementor-widget-text-editor\" data-id=\"a4da6e8\" data-element_type=\"widget\" data-widget_type=\"text-editor.default\">\n\t\t\t\t<div class=\"elementor-widget-container\">\n\t\t\t\t\t\t\t\t\t<h2>We held the 12th grade graduation ceremony for the 2023-2024 academic year in Anakamp.<\/h2>\t\t\t\t\t\t\t\t<\/div>\n\t\t\t\t<\/div>\n\t\t\t\t<div class=\"elementor-element elementor-element-b591dd7 elementor-widget elementor-widget-text-editor\" data-id=\"b591dd7\" data-element_type=\"widget\" data-widget_type=\"text-editor.default\">\n\t\t\t\t<div class=\"elementor-widget-container\">\n\t\t\t\t\t\t\t\t\t<p>It was unforgettable to send our children off to the future in a magical atmosphere. Good luck, we love you all very much.<\/p>\t\t\t\t\t\t\t\t<\/div>\n\t\t\t\t<\/div>\n\t\t\t\t<\/div>\n\t\t<div class=\"elementor-element elementor-element-6dfdac9 e-con-full e-flex e-con e-child\" data-id=\"6dfdac9\" data-element_type=\"container\">\n\t\t\t\t<div class=\"elementor-element elementor-element-65e60d6 elementor-widget elementor-widget-image\" data-id=\"65e60d6\" data-element_type=\"widget\" data-widget_type=\"image.default\">\n\t\t\t\t<div class=\"elementor-widget-container\">\n\t\t\t\t\t\t\t\t\t\t\t\t\t\t\t<img fetchpriority=\"high\" decoding=\"async\" width=\"911\" height=\"604\" src=\"http:\/\/www.beysukentkoleji.k12.tr\/wp-content\/uploads\/2024\/05\/mezunlar.jpg\" class=\"attachment-large size-large wp-image-5923\" alt=\"\" srcset=\"http:\/\/www.beysukentkoleji.k12.tr\/wp-content\/uploads\/2024\/05\/mezunlar.jpg 911w, http:\/\/www.beysukentkoleji.k12.tr\/wp-content\/uploads\/2024\/05\/mezunlar-300x199.jpg 300w, http:\/\/www.beysukentkoleji.k12.tr\/wp-content\/uploads\/2024\/05\/mezunlar-768x509.jpg 768w, http:\/\/www.beysukentkoleji.k12.tr\/wp-content\/uploads\/2024\/05\/mezunlar-18x12.jpg 18w\" sizes=\"(max-width: 911px) 100vw, 911px\" \/>\t\t\t\t\t\t\t\t\t\t\t\t\t\t\t<\/div>\n\t\t\t\t<\/div>\n\t\t\t\t<\/div>\n\t\t\t\t\t<\/div>\n\t\t\t\t<\/div>\n\t\t\t\t<\/div>","protected":false},"excerpt":{"rendered":"<p>2023-2024 e\u011fitim \u00f6\u011fretim d\u00f6nemi 12.s\u0131n\u0131flar mezuniyet t\u00f6renini Anakamp\u2019ta ger\u00e7ekle\u015ftirdik. B\u00fcy\u00fcl\u00fc bir atmosferde \u00e7ocuklar\u0131m\u0131z\u0131 gelece\u011fe u\u011furlamak unutulmazd\u0131. Yolunuz a\u00e7\u0131k olsun,hepinizi \u00e7ok seviyoruz.<\/p>","protected":false},"author":1,"featured_media":5923,"comment_status":"open","ping_status":"open","sticky":false,"template":"elementor_header_footer","format":"standard","meta":{"_eb_attr":"","footnotes":""},"categories":[124],"tags":[],"class_list":["post-5921","post","type-post","status-publish","format-standard","has-post-thumbnail","hentry","category-beysukent-haberler"],"aioseo_notices":[],"_links":{"self":[{"href":"http:\/\/www.beysukentkoleji.k12.tr\/en\/wp-json\/wp\/v2\/posts\/5921","targetHints":{"allow":["GET"]}}],"collection":[{"href":"http:\/\/www.beysukentkoleji.k12.tr\/en\/wp-json\/wp\/v2\/posts"}],"about":[{"href":"http:\/\/www.beysukentkoleji.k12.tr\/en\/wp-json\/wp\/v2\/types\/post"}],"author":[{"embeddable":true,"href":"http:\/\/www.beysukentkoleji.k12.tr\/en\/wp-json\/wp\/v2\/users\/1"}],"replies":[{"embeddable":true,"href":"http:\/\/www.beysukentkoleji.k12.tr\/en\/wp-json\/wp\/v2\/comments?post=5921"}],"version-history":[{"count":4,"href":"http:\/\/www.beysukentkoleji.k12.tr\/en\/wp-json\/wp\/v2\/posts\/5921\/revisions"}],"predecessor-version":[{"id":5926,"href":"http:\/\/www.beysukentkoleji.k12.tr\/en\/wp-json\/wp\/v2\/posts\/5921\/revisions\/5926"}],"wp:featuredmedia":[{"embeddable":true,"href":"http:\/\/www.beysukentkoleji.k12.tr\/en\/wp-json\/wp\/v2\/media\/5923"}],"wp:attachment":[{"href":"http:\/\/www.beysukentkoleji.k12.tr\/en\/wp-json\/wp\/v2\/media?parent=5921"}],"wp:term":[{"taxonomy":"category","embeddable":true,"href":"http:\/\/www.beysukentkoleji.k12.tr\/en\/wp-json\/wp\/v2\/categories?post=5921"},{"taxonomy":"post_tag","embeddable":true,"href":"http:\/\/www.beysukentkoleji.k12.tr\/en\/wp-json\/wp\/v2\/tags?post=5921"}],"curies":[{"name":"wp","href":"https:\/\/api.w.org\/{rel}","templated":true}]}}