{"id":4695,"date":"2024-04-04T12:18:22","date_gmt":"2024-04-04T12:18:22","guid":{"rendered":"https:\/\/www.beysukentkoleji.k12.tr\/?p=4695"},"modified":"2024-04-04T12:22:23","modified_gmt":"2024-04-04T12:22:23","slug":"humun-heyecani","status":"publish","type":"post","link":"http:\/\/www.beysukentkoleji.k12.tr\/en\/humun-heyecani\/","title":{"rendered":"The excitement of HUMUN!"},"content":{"rendered":"<div data-elementor-type=\"wp-post\" data-elementor-id=\"4695\" class=\"elementor elementor-4695\" data-elementor-post-type=\"post\">\n\t\t\t\t<div class=\"elementor-element elementor-element-dbf06d2 e-flex e-con-boxed e-con e-parent\" data-id=\"dbf06d2\" data-element_type=\"container\">\n\t\t\t\t\t<div class=\"e-con-inner\">\n\t\t\t\t<div class=\"elementor-element elementor-element-8e66cd0 elementor-widget elementor-widget-eael-image-accordion\" data-id=\"8e66cd0\" data-element_type=\"widget\" data-widget_type=\"eael-image-accordion.default\">\n\t\t\t\t<div class=\"elementor-widget-container\">\n\t\t\t\t\t    <div class=\"eael-img-accordion accordion-direction-horizontal eael-img-accordion-horizontal-align-center eael-img-accordion-vertical-align-center\" id=\"eael-img-accordion-8e66cd0\" data-img-accordion-id=\"8e66cd0\" data-img-accordion-type=\"on-hover\">\n                    \n            <div class=\"eael-image-accordion-hover eael-image-accordion-item\" style=\"background-image: url(https:\/\/www.beysukentkoleji.k12.tr\/wp-content\/uploads\/2024\/04\/h1.jpg);\"  tabindex=\"0\">\n                <div class=\"overlay\">\n                    <div class=\"overlay-inner\">\n                                            <\/div>\n                <\/div>\n            <\/div>\n                    \n            <div class=\"eael-image-accordion-hover eael-image-accordion-item\" style=\"background-image: url(https:\/\/www.beysukentkoleji.k12.tr\/wp-content\/uploads\/2024\/04\/h2.jpg);\"  tabindex=\"0\">\n                <div class=\"overlay\">\n                    <div class=\"overlay-inner\">\n                                            <\/div>\n                <\/div>\n            <\/div>\n                    \n            <div class=\"eael-image-accordion-hover eael-image-accordion-item\" style=\"background-image: url(https:\/\/www.beysukentkoleji.k12.tr\/wp-content\/uploads\/2024\/04\/h3.jpg);\"  tabindex=\"0\">\n                <div class=\"overlay\">\n                    <div class=\"overlay-inner\">\n                                            <\/div>\n                <\/div>\n            <\/div>\n                    \n            <div class=\"eael-image-accordion-hover eael-image-accordion-item\" style=\"background-image: url(https:\/\/www.beysukentkoleji.k12.tr\/wp-content\/uploads\/2024\/04\/h4.jpeg);\"  tabindex=\"0\">\n                <div class=\"overlay\">\n                    <div class=\"overlay-inner\">\n                                            <\/div>\n                <\/div>\n            <\/div>\n                <\/div>\n        <style typr=\"text\/css\">\n                    #eael-img-accordion-8e66cd0 .eael-image-accordion-hover:hover {\n                        flex: 3 1 0% !important;\n                    }\n                    #eael-img-accordion-8e66cd0 .eael-image-accordion-hover:hover:hover .overlay-inner * {\n                        opacity: 1;\n                        visibility: visible;\n                        transform: none;\n                        transition: all .3s .3s;\n                    }\n                <\/style>\t\t\t\t<\/div>\n\t\t\t\t<\/div>\n\t\t\t\t\t<\/div>\n\t\t\t\t<\/div>\n\t\t<div class=\"elementor-element elementor-element-f6e484c e-flex e-con-boxed e-con e-parent\" data-id=\"f6e484c\" data-element_type=\"container\">\n\t\t\t\t\t<div class=\"e-con-inner\">\n\t\t\t\t<div class=\"elementor-element elementor-element-99fc07d elementor-widget elementor-widget-text-editor\" data-id=\"99fc07d\" data-element_type=\"widget\" data-widget_type=\"text-editor.default\">\n\t\t\t\t<div class=\"elementor-widget-container\">\n\t\t\t\t\t\t\t\t\t<p>The 4-day workshop of MODEL UNITED NATIONS, hosted by Hacettepe University, concluded with great excitement.\n\nOur high school students who participated in HUMUN negotiated various topics such as sustainable development, human rights, environmental protection, and global health in different committees. During this process, they had the opportunity to develop their leadership and negotiation skills in English, and collaborated with students from different cultures to enhance their ability to seek solutions to international issues. Additionally, our students strengthened their sense of global citizenship and gained awareness of\u00a0global\u00a0issues.<\/p><p>HUMUN\u2019a kat\u0131lan lise \u00f6\u011frencilerimiz; \u00e7e\u015fitli komitelerde s\u00fcrd\u00fcr\u00fclebilir kalk\u0131nma, insan haklar\u0131, \u00e7evre koruma ve k\u00fcresel sa\u011fl\u0131k gibi konular\u0131 m\u00fczakere ettiler. Bu s\u00fcre\u00e7te liderlik, \u0130ngilizce m\u00fczakere becerilerini geli\u015ftirme f\u0131rsat\u0131 bulan ve farkl\u0131 k\u00fclt\u00fcrlerden gelen di\u011fer \u00f6\u011frencilerle i\u015fbirli\u011fi yaparak uluslararas\u0131 d\u00fczeyde sorunlara \u00e7\u00f6z\u00fcm arama yeteneklerini art\u0131rd\u0131lar. Bununla birlikte \u00f6\u011frencilerimiz d\u00fcnya vatanda\u015fl\u0131\u011f\u0131 bilincini g\u00fc\u00e7lendirip k\u00fcresel meselelere duyarl\u0131l\u0131k\u00a0kazand\u0131lar.<\/p>\t\t\t\t\t\t\t\t<\/div>\n\t\t\t\t<\/div>\n\t\t\t\t\t<\/div>\n\t\t\t\t<\/div>\n\t\t\t\t<\/div>","protected":false},"excerpt":{"rendered":"<p>Hacettepe \u00dcniversitesi&#8217;nin ev sahipli\u011finde ger\u00e7ekle\u015ftirilen MODEL B\u0130RLE\u015eM\u0130\u015e M\u0130LETTLER\u2019in 4 g\u00fcn s\u00fcren \u00e7al\u0131\u015ftay\u0131 heyecanl\u0131 bir kapan\u0131\u015fla son buldu. HUMUN\u2019a kat\u0131lan lise \u00f6\u011frencilerimiz; \u00e7e\u015fitli komitelerde s\u00fcrd\u00fcr\u00fclebilir kalk\u0131nma, insan haklar\u0131, \u00e7evre koruma ve k\u00fcresel sa\u011fl\u0131k gibi konular\u0131 m\u00fczakere ettiler. Bu s\u00fcre\u00e7te liderlik, \u0130ngilizce m\u00fczakere becerilerini geli\u015ftirme f\u0131rsat\u0131 bulan ve farkl\u0131 k\u00fclt\u00fcrlerden gelen di\u011fer \u00f6\u011frencilerle i\u015fbirli\u011fi yaparak uluslararas\u0131 d\u00fczeyde [&hellip;]<\/p>","protected":false},"author":1,"featured_media":4699,"comment_status":"open","ping_status":"open","sticky":false,"template":"elementor_header_footer","format":"standard","meta":{"_eb_attr":"","footnotes":""},"categories":[124],"tags":[],"class_list":["post-4695","post","type-post","status-publish","format-standard","has-post-thumbnail","hentry","category-beysukent-haberler"],"aioseo_notices":[],"_links":{"self":[{"href":"http:\/\/www.beysukentkoleji.k12.tr\/en\/wp-json\/wp\/v2\/posts\/4695","targetHints":{"allow":["GET"]}}],"collection":[{"href":"http:\/\/www.beysukentkoleji.k12.tr\/en\/wp-json\/wp\/v2\/posts"}],"about":[{"href":"http:\/\/www.beysukentkoleji.k12.tr\/en\/wp-json\/wp\/v2\/types\/post"}],"author":[{"embeddable":true,"href":"http:\/\/www.beysukentkoleji.k12.tr\/en\/wp-json\/wp\/v2\/users\/1"}],"replies":[{"embeddable":true,"href":"http:\/\/www.beysukentkoleji.k12.tr\/en\/wp-json\/wp\/v2\/comments?post=4695"}],"version-history":[{"count":10,"href":"http:\/\/www.beysukentkoleji.k12.tr\/en\/wp-json\/wp\/v2\/posts\/4695\/revisions"}],"predecessor-version":[{"id":4709,"href":"http:\/\/www.beysukentkoleji.k12.tr\/en\/wp-json\/wp\/v2\/posts\/4695\/revisions\/4709"}],"wp:featuredmedia":[{"embeddable":true,"href":"http:\/\/www.beysukentkoleji.k12.tr\/en\/wp-json\/wp\/v2\/media\/4699"}],"wp:attachment":[{"href":"http:\/\/www.beysukentkoleji.k12.tr\/en\/wp-json\/wp\/v2\/media?parent=4695"}],"wp:term":[{"taxonomy":"category","embeddable":true,"href":"http:\/\/www.beysukentkoleji.k12.tr\/en\/wp-json\/wp\/v2\/categories?post=4695"},{"taxonomy":"post_tag","embeddable":true,"href":"http:\/\/www.beysukentkoleji.k12.tr\/en\/wp-json\/wp\/v2\/tags?post=4695"}],"curies":[{"name":"wp","href":"https:\/\/api.w.org\/{rel}","templated":true}]}}